{"id":1063,"date":"2025-07-27T21:31:00","date_gmt":"2025-07-27T20:31:00","guid":{"rendered":"https:\/\/new.avs.fr\/comunicado-sobre-el-matadero-de-meaux\/"},"modified":"2025-08-17T17:57:34","modified_gmt":"2025-08-17T16:57:34","slug":"comunicado-sobre-el-matadero-de-meaux","status":"publish","type":"post","link":"https:\/\/avs.fr\/es\/comunicado-sobre-el-matadero-de-meaux\/","title":{"rendered":"Comunicado sobre el matadero de Meaux"},"content":{"rendered":"\n<p>La asociaci\u00f3n L214 public\u00f3 recientemente un v\u00eddeo que muestra pr\u00e1cticas de sacrificio en un matadero situado en Meaux. Las im\u00e1genes presentadas son impactantes y los hechos revelados deben ser firmemente condenados. <\/p>\n\n<p>Tras este v\u00eddeo, deseamos aportar varias precisiones sobre nuestro papel en este lugar:<\/p>\n\n<p>Nuestras intervenciones se limitan \u00fanicamente a dos d\u00edas por semana.<\/p>\n\n<p>La organizaci\u00f3n AVS no certifica ning\u00fan sacrificio de ovinos (corderos, ovejas) en este matadero.<\/p>\n\n<p>A petici\u00f3n de L214, recibimos a su representante en nuestras oficinas para intercambiar sobre estos elementos. Reafirmamos nuestras estrictas exigencias en materia de respeto al bienestar animal, que constituyen uno de los pilares de nuestra misi\u00f3n. <\/p>\n\n<p>AVS se basa en tres fundamentos esenciales que garantizan este respeto:<\/p>\n\n<ul class=\"wp-block-list\">\n<li>Una carta \u00e9tica rigurosa,<\/li>\n\n\n\n<li>Un pliego de condiciones exigente,<\/li>\n\n\n\n<li>Una gu\u00eda de formaci\u00f3n destinada a los inspectores acreditados.<\/li>\n<\/ul>\n\n<p>Sin embargo, lamentamos que el t\u00edtulo de este v\u00eddeo est\u00e9 asociado a la celebraci\u00f3n del Eid al-Adha.<\/p>\n\n<p>Las im\u00e1genes no tienen nada que ver con esta fiesta religiosa musulmana. Si bien la denuncia de los malos tratos a los animales es leg\u00edtima, recurrir a estereotipos que puedan alimentar la estigmatizaci\u00f3n de una comunidad no puede ser apoyado. Esto, adem\u00e1s, va en contra de los valores que L214 siempre ha defendido.  <\/p>\n\n<p>Por nuestra parte, hemos decidido suspender inmediatamente nuestras intervenciones en este matadero.<\/p>\n","protected":false},"excerpt":{"rendered":"<p>La asociaci\u00f3n L214 public\u00f3 recientemente un v\u00eddeo que muestra pr\u00e1cticas de sacrificio en un matadero situado en Meaux. Las im\u00e1genes presentadas son impactantes y los hechos revelados deben ser firmemente condenados. Tras este v\u00eddeo, deseamos aportar varias precisiones sobre nuestro papel en este lugar: Nuestras intervenciones se limitan \u00fanicamente a dos d\u00edas por semana. La [&hellip;]<\/p>\n","protected":false},"author":1,"featured_media":843,"comment_status":"closed","ping_status":"closed","sticky":false,"template":"","format":"standard","meta":{"footnotes":""},"categories":[78],"tags":[],"class_list":["post-1063","post","type-post","status-publish","format-standard","has-post-thumbnail","hentry","category-comunicados"],"yoast_head":"<!-- This site is optimized with the Yoast SEO plugin v26.5 - https:\/\/yoast.com\/wordpress\/plugins\/seo\/ -->\n<title>Comunicado sobre el matadero de Meaux - AVS<\/title>\n<meta name=\"robots\" content=\"index, follow, max-snippet:-1, max-image-preview:large, max-video-preview:-1\" \/>\n<link rel=\"canonical\" href=\"https:\/\/avs.fr\/?p=347\" \/>\n<meta property=\"og:locale\" content=\"es_ES\" \/>\n<meta property=\"og:type\" content=\"article\" \/>\n<meta property=\"og:title\" content=\"Comunicado sobre el matadero de Meaux - AVS\" \/>\n<meta property=\"og:description\" content=\"La asociaci\u00f3n L214 public\u00f3 recientemente un v\u00eddeo que muestra pr\u00e1cticas de sacrificio en un matadero situado en Meaux. Las im\u00e1genes presentadas son impactantes y los hechos revelados deben ser firmemente condenados. Tras este v\u00eddeo, deseamos aportar varias precisiones sobre nuestro papel en este lugar: Nuestras intervenciones se limitan \u00fanicamente a dos d\u00edas por semana. La [&hellip;]\" \/>\n<meta property=\"og:url\" content=\"https:\/\/avs.fr\/?p=347\" \/>\n<meta property=\"og:site_name\" content=\"AVS\" \/>\n<meta property=\"article:published_time\" content=\"2025-07-27T20:31:00+00:00\" \/>\n<meta property=\"article:modified_time\" content=\"2025-08-17T16:57:34+00:00\" \/>\n<meta property=\"og:image\" content=\"https:\/\/avs.fr\/wp-content\/uploads\/2025\/07\/meaux.jpg\" \/>\n\t<meta property=\"og:image:width\" content=\"2560\" \/>\n\t<meta property=\"og:image:height\" content=\"1440\" \/>\n\t<meta property=\"og:image:type\" content=\"image\/jpeg\" \/>\n<meta name=\"author\" content=\"admin\" \/>\n<meta name=\"twitter:card\" content=\"summary_large_image\" \/>\n<meta name=\"twitter:label1\" content=\"Escrito por\" \/>\n\t<meta name=\"twitter:data1\" content=\"admin\" \/>\n\t<meta name=\"twitter:label2\" content=\"Tiempo de lectura\" \/>\n\t<meta name=\"twitter:data2\" content=\"1 minuto\" \/>\n<script type=\"application\/ld+json\" class=\"yoast-schema-graph\">{\"@context\":\"https:\/\/schema.org\",\"@graph\":[{\"@type\":\"Article\",\"@id\":\"https:\/\/avs.fr\/?p=347#article\",\"isPartOf\":{\"@id\":\"https:\/\/avs.fr\/?p=347\"},\"author\":{\"name\":\"admin\",\"@id\":\"https:\/\/avs.fr\/#\/schema\/person\/fc9d609c63caaa1b477e9db1b106398d\"},\"headline\":\"Comunicado sobre el matadero de Meaux\",\"datePublished\":\"2025-07-27T20:31:00+00:00\",\"dateModified\":\"2025-08-17T16:57:34+00:00\",\"mainEntityOfPage\":{\"@id\":\"https:\/\/avs.fr\/?p=347\"},\"wordCount\":240,\"publisher\":{\"@id\":\"https:\/\/avs.fr\/#organization\"},\"image\":{\"@id\":\"https:\/\/avs.fr\/?p=347#primaryimage\"},\"thumbnailUrl\":\"https:\/\/avs.fr\/wp-content\/uploads\/2025\/07\/meaux.jpg\",\"articleSection\":[\"Comunicados\"],\"inLanguage\":\"es\"},{\"@type\":\"WebPage\",\"@id\":\"https:\/\/avs.fr\/?p=347\",\"url\":\"https:\/\/avs.fr\/?p=347\",\"name\":\"Comunicado sobre el matadero de Meaux - AVS\",\"isPartOf\":{\"@id\":\"https:\/\/avs.fr\/#website\"},\"primaryImageOfPage\":{\"@id\":\"https:\/\/avs.fr\/?p=347#primaryimage\"},\"image\":{\"@id\":\"https:\/\/avs.fr\/?p=347#primaryimage\"},\"thumbnailUrl\":\"https:\/\/avs.fr\/wp-content\/uploads\/2025\/07\/meaux.jpg\",\"datePublished\":\"2025-07-27T20:31:00+00:00\",\"dateModified\":\"2025-08-17T16:57:34+00:00\",\"breadcrumb\":{\"@id\":\"https:\/\/avs.fr\/?p=347#breadcrumb\"},\"inLanguage\":\"es\",\"potentialAction\":[{\"@type\":\"ReadAction\",\"target\":[\"https:\/\/avs.fr\/?p=347\"]}]},{\"@type\":\"ImageObject\",\"inLanguage\":\"es\",\"@id\":\"https:\/\/avs.fr\/?p=347#primaryimage\",\"url\":\"https:\/\/avs.fr\/wp-content\/uploads\/2025\/07\/meaux.jpg\",\"contentUrl\":\"https:\/\/avs.fr\/wp-content\/uploads\/2025\/07\/meaux.jpg\",\"width\":2560,\"height\":1440},{\"@type\":\"BreadcrumbList\",\"@id\":\"https:\/\/avs.fr\/?p=347#breadcrumb\",\"itemListElement\":[{\"@type\":\"ListItem\",\"position\":1,\"name\":\"Accueil\",\"item\":\"https:\/\/avs.fr\/es\/inicio\/\"},{\"@type\":\"ListItem\",\"position\":2,\"name\":\"Comunicado sobre el matadero de Meaux\"}]},{\"@type\":\"WebSite\",\"@id\":\"https:\/\/avs.fr\/#website\",\"url\":\"https:\/\/avs.fr\/\",\"name\":\"AVS\",\"description\":\"Le halal en toute confiance\",\"publisher\":{\"@id\":\"https:\/\/avs.fr\/#organization\"},\"potentialAction\":[{\"@type\":\"SearchAction\",\"target\":{\"@type\":\"EntryPoint\",\"urlTemplate\":\"https:\/\/avs.fr\/?s={search_term_string}\"},\"query-input\":{\"@type\":\"PropertyValueSpecification\",\"valueRequired\":true,\"valueName\":\"search_term_string\"}}],\"inLanguage\":\"es\"},{\"@type\":\"Organization\",\"@id\":\"https:\/\/avs.fr\/#organization\",\"name\":\"AVS\",\"url\":\"https:\/\/avs.fr\/\",\"logo\":{\"@type\":\"ImageObject\",\"inLanguage\":\"es\",\"@id\":\"https:\/\/avs.fr\/#\/schema\/logo\/image\/\",\"url\":\"https:\/\/avs.fr\/wp-content\/uploads\/2025\/08\/logo-avs.png\",\"contentUrl\":\"https:\/\/avs.fr\/wp-content\/uploads\/2025\/08\/logo-avs.png\",\"width\":317,\"height\":306,\"caption\":\"AVS\"},\"image\":{\"@id\":\"https:\/\/avs.fr\/#\/schema\/logo\/image\/\"}},{\"@type\":\"Person\",\"@id\":\"https:\/\/avs.fr\/#\/schema\/person\/fc9d609c63caaa1b477e9db1b106398d\",\"name\":\"admin\",\"image\":{\"@type\":\"ImageObject\",\"inLanguage\":\"es\",\"@id\":\"https:\/\/avs.fr\/#\/schema\/person\/image\/\",\"url\":\"https:\/\/secure.gravatar.com\/avatar\/c41f29173b4aa607c674259396b2658d5ee0e4cc839adc854d5bae976167af77?s=96&d=mm&r=g\",\"contentUrl\":\"https:\/\/secure.gravatar.com\/avatar\/c41f29173b4aa607c674259396b2658d5ee0e4cc839adc854d5bae976167af77?s=96&d=mm&r=g\",\"caption\":\"admin\"},\"sameAs\":[\"https:\/\/new.avs.fr\"],\"url\":\"https:\/\/avs.fr\/es\/author\/admin\/\"}]}<\/script>\n<!-- \/ Yoast SEO plugin. -->","yoast_head_json":{"title":"Comunicado sobre el matadero de Meaux - AVS","robots":{"index":"index","follow":"follow","max-snippet":"max-snippet:-1","max-image-preview":"max-image-preview:large","max-video-preview":"max-video-preview:-1"},"canonical":"https:\/\/avs.fr\/?p=347","og_locale":"es_ES","og_type":"article","og_title":"Comunicado sobre el matadero de Meaux - AVS","og_description":"La asociaci\u00f3n L214 public\u00f3 recientemente un v\u00eddeo que muestra pr\u00e1cticas de sacrificio en un matadero situado en Meaux. Las im\u00e1genes presentadas son impactantes y los hechos revelados deben ser firmemente condenados. Tras este v\u00eddeo, deseamos aportar varias precisiones sobre nuestro papel en este lugar: Nuestras intervenciones se limitan \u00fanicamente a dos d\u00edas por semana. La [&hellip;]","og_url":"https:\/\/avs.fr\/?p=347","og_site_name":"AVS","article_published_time":"2025-07-27T20:31:00+00:00","article_modified_time":"2025-08-17T16:57:34+00:00","og_image":[{"width":2560,"height":1440,"url":"https:\/\/avs.fr\/wp-content\/uploads\/2025\/07\/meaux.jpg","type":"image\/jpeg"}],"author":"admin","twitter_card":"summary_large_image","twitter_misc":{"Escrito por":"admin","Tiempo de lectura":"1 minuto"},"schema":{"@context":"https:\/\/schema.org","@graph":[{"@type":"Article","@id":"https:\/\/avs.fr\/?p=347#article","isPartOf":{"@id":"https:\/\/avs.fr\/?p=347"},"author":{"name":"admin","@id":"https:\/\/avs.fr\/#\/schema\/person\/fc9d609c63caaa1b477e9db1b106398d"},"headline":"Comunicado sobre el matadero de Meaux","datePublished":"2025-07-27T20:31:00+00:00","dateModified":"2025-08-17T16:57:34+00:00","mainEntityOfPage":{"@id":"https:\/\/avs.fr\/?p=347"},"wordCount":240,"publisher":{"@id":"https:\/\/avs.fr\/#organization"},"image":{"@id":"https:\/\/avs.fr\/?p=347#primaryimage"},"thumbnailUrl":"https:\/\/avs.fr\/wp-content\/uploads\/2025\/07\/meaux.jpg","articleSection":["Comunicados"],"inLanguage":"es"},{"@type":"WebPage","@id":"https:\/\/avs.fr\/?p=347","url":"https:\/\/avs.fr\/?p=347","name":"Comunicado sobre el matadero de Meaux - AVS","isPartOf":{"@id":"https:\/\/avs.fr\/#website"},"primaryImageOfPage":{"@id":"https:\/\/avs.fr\/?p=347#primaryimage"},"image":{"@id":"https:\/\/avs.fr\/?p=347#primaryimage"},"thumbnailUrl":"https:\/\/avs.fr\/wp-content\/uploads\/2025\/07\/meaux.jpg","datePublished":"2025-07-27T20:31:00+00:00","dateModified":"2025-08-17T16:57:34+00:00","breadcrumb":{"@id":"https:\/\/avs.fr\/?p=347#breadcrumb"},"inLanguage":"es","potentialAction":[{"@type":"ReadAction","target":["https:\/\/avs.fr\/?p=347"]}]},{"@type":"ImageObject","inLanguage":"es","@id":"https:\/\/avs.fr\/?p=347#primaryimage","url":"https:\/\/avs.fr\/wp-content\/uploads\/2025\/07\/meaux.jpg","contentUrl":"https:\/\/avs.fr\/wp-content\/uploads\/2025\/07\/meaux.jpg","width":2560,"height":1440},{"@type":"BreadcrumbList","@id":"https:\/\/avs.fr\/?p=347#breadcrumb","itemListElement":[{"@type":"ListItem","position":1,"name":"Accueil","item":"https:\/\/avs.fr\/es\/inicio\/"},{"@type":"ListItem","position":2,"name":"Comunicado sobre el matadero de Meaux"}]},{"@type":"WebSite","@id":"https:\/\/avs.fr\/#website","url":"https:\/\/avs.fr\/","name":"AVS","description":"Le halal en toute confiance","publisher":{"@id":"https:\/\/avs.fr\/#organization"},"potentialAction":[{"@type":"SearchAction","target":{"@type":"EntryPoint","urlTemplate":"https:\/\/avs.fr\/?s={search_term_string}"},"query-input":{"@type":"PropertyValueSpecification","valueRequired":true,"valueName":"search_term_string"}}],"inLanguage":"es"},{"@type":"Organization","@id":"https:\/\/avs.fr\/#organization","name":"AVS","url":"https:\/\/avs.fr\/","logo":{"@type":"ImageObject","inLanguage":"es","@id":"https:\/\/avs.fr\/#\/schema\/logo\/image\/","url":"https:\/\/avs.fr\/wp-content\/uploads\/2025\/08\/logo-avs.png","contentUrl":"https:\/\/avs.fr\/wp-content\/uploads\/2025\/08\/logo-avs.png","width":317,"height":306,"caption":"AVS"},"image":{"@id":"https:\/\/avs.fr\/#\/schema\/logo\/image\/"}},{"@type":"Person","@id":"https:\/\/avs.fr\/#\/schema\/person\/fc9d609c63caaa1b477e9db1b106398d","name":"admin","image":{"@type":"ImageObject","inLanguage":"es","@id":"https:\/\/avs.fr\/#\/schema\/person\/image\/","url":"https:\/\/secure.gravatar.com\/avatar\/c41f29173b4aa607c674259396b2658d5ee0e4cc839adc854d5bae976167af77?s=96&d=mm&r=g","contentUrl":"https:\/\/secure.gravatar.com\/avatar\/c41f29173b4aa607c674259396b2658d5ee0e4cc839adc854d5bae976167af77?s=96&d=mm&r=g","caption":"admin"},"sameAs":["https:\/\/new.avs.fr"],"url":"https:\/\/avs.fr\/es\/author\/admin\/"}]}},"_links":{"self":[{"href":"https:\/\/avs.fr\/es\/wp-json\/wp\/v2\/posts\/1063","targetHints":{"allow":["GET"]}}],"collection":[{"href":"https:\/\/avs.fr\/es\/wp-json\/wp\/v2\/posts"}],"about":[{"href":"https:\/\/avs.fr\/es\/wp-json\/wp\/v2\/types\/post"}],"author":[{"embeddable":true,"href":"https:\/\/avs.fr\/es\/wp-json\/wp\/v2\/users\/1"}],"replies":[{"embeddable":true,"href":"https:\/\/avs.fr\/es\/wp-json\/wp\/v2\/comments?post=1063"}],"version-history":[{"count":1,"href":"https:\/\/avs.fr\/es\/wp-json\/wp\/v2\/posts\/1063\/revisions"}],"predecessor-version":[{"id":1064,"href":"https:\/\/avs.fr\/es\/wp-json\/wp\/v2\/posts\/1063\/revisions\/1064"}],"wp:featuredmedia":[{"embeddable":true,"href":"https:\/\/avs.fr\/es\/wp-json\/wp\/v2\/media\/843"}],"wp:attachment":[{"href":"https:\/\/avs.fr\/es\/wp-json\/wp\/v2\/media?parent=1063"}],"wp:term":[{"taxonomy":"category","embeddable":true,"href":"https:\/\/avs.fr\/es\/wp-json\/wp\/v2\/categories?post=1063"},{"taxonomy":"post_tag","embeddable":true,"href":"https:\/\/avs.fr\/es\/wp-json\/wp\/v2\/tags?post=1063"}],"curies":[{"name":"wp","href":"https:\/\/api.w.org\/{rel}","templated":true}]}}