{"id":1061,"date":"2025-07-27T21:31:00","date_gmt":"2025-07-27T20:31:00","guid":{"rendered":"https:\/\/new.avs.fr\/oswiadczenie-w-sprawie-rzezni-w-meaux\/"},"modified":"2025-08-17T17:54:08","modified_gmt":"2025-08-17T16:54:08","slug":"oswiadczenie-w-sprawie-rzezni-w-meaux","status":"publish","type":"post","link":"https:\/\/avs.fr\/pl\/oswiadczenie-w-sprawie-rzezni-w-meaux\/","title":{"rendered":"O\u015bwiadczenie w sprawie rze\u017ani w Meaux"},"content":{"rendered":"\n<p>Stowarzyszenie L214 niedawno opublikowa\u0142o film ukazuj\u0105cy praktyki uboju w rze\u017ani w Meaux. Przedstawione obrazy s\u0105 szokuj\u0105ce, a ujawnione fakty musz\u0105 zosta\u0107 stanowczo pot\u0119pione. <\/p>\n\n<p>W zwi\u0105zku z tym filmem chcemy wyja\u015bni\u0107 kilka kwestii dotycz\u0105cych naszej roli na tym terenie:<\/p>\n\n<p>Nasze interwencje ograniczaj\u0105 si\u0119 jedynie do dw\u00f3ch dni w tygodniu.<\/p>\n\n<p>Organizacja AVS nie certyfikuje uboju owiec (jagni\u0105t, matek) w tej rze\u017ani.<\/p>\n\n<p>Na pro\u015bb\u0119 L214 przyj\u0119li\u015bmy jej przedstawiciela w naszej siedzibie, aby om\u00f3wi\u0107 te kwestie. Potwierdzili\u015bmy nasze surowe wymagania dotycz\u0105ce poszanowania dobrostanu zwierz\u0105t, kt\u00f3re stanowi\u0105 jeden z filar\u00f3w naszej misji. <\/p>\n\n<p>AVS opiera si\u0119 na trzech podstawowych filarach gwarantuj\u0105cych to poszanowanie:<\/p>\n\n<ul class=\"wp-block-list\">\n<li>Rygorystyczna karta etyczna,<\/li>\n\n\n\n<li>Wymagaj\u0105ca specyfikacja,<\/li>\n\n\n\n<li>Podr\u0119cznik szkoleniowy dla uprawnionych kontroler\u00f3w.<\/li>\n<\/ul>\n\n<p>Jednak\u017ce ubolewamy, \u017ce tytu\u0142 tego filmu zosta\u0142 powi\u0105zany z obchodami \u015awi\u0119ta Id al-Adha.<\/p>\n\n<p>Obrazy te nie maj\u0105 nic wsp\u00f3lnego z tym muzu\u0142ma\u0144skim \u015bwi\u0119tem religijnym. Cho\u0107 pot\u0119pienie z\u0142ego traktowania zwierz\u0105t jest uzasadnione, odwo\u0142ywanie si\u0119 do stereotyp\u00f3w mog\u0105cych podsyca\u0107 stygmatyzacj\u0119 spo\u0142eczno\u015bci nie mo\u017ce by\u0107 akceptowane. Jest to sprzeczne z warto\u015bciami, kt\u00f3rych L214 zawsze broni\u0142o.  <\/p>\n\n<p>Z naszej strony podj\u0119li\u015bmy decyzj\u0119 o natychmiastowym zawieszeniu naszych interwencji w tej rze\u017ani.<\/p>\n","protected":false},"excerpt":{"rendered":"<p>Stowarzyszenie L214 niedawno opublikowa\u0142o film ukazuj\u0105cy praktyki uboju w rze\u017ani w Meaux. Przedstawione obrazy s\u0105 szokuj\u0105ce, a ujawnione fakty musz\u0105 zosta\u0107 stanowczo pot\u0119pione. W zwi\u0105zku z tym filmem chcemy wyja\u015bni\u0107 kilka kwestii dotycz\u0105cych naszej roli na tym terenie: Nasze interwencje ograniczaj\u0105 si\u0119 jedynie do dw\u00f3ch dni w tygodniu. Organizacja AVS nie certyfikuje uboju owiec (jagni\u0105t, [&hellip;]<\/p>\n","protected":false},"author":1,"featured_media":842,"comment_status":"closed","ping_status":"closed","sticky":false,"template":"","format":"standard","meta":{"footnotes":""},"categories":[77],"tags":[],"class_list":["post-1061","post","type-post","status-publish","format-standard","has-post-thumbnail","hentry","category-komunikaty"],"yoast_head":"<!-- This site is optimized with the Yoast SEO plugin v26.5 - https:\/\/yoast.com\/wordpress\/plugins\/seo\/ -->\n<title>O\u015bwiadczenie w sprawie rze\u017ani w Meaux - AVS<\/title>\n<meta name=\"robots\" content=\"index, follow, max-snippet:-1, max-image-preview:large, max-video-preview:-1\" \/>\n<link rel=\"canonical\" href=\"https:\/\/avs.fr\/?p=347\" \/>\n<meta property=\"og:locale\" content=\"pl_PL\" \/>\n<meta property=\"og:type\" content=\"article\" \/>\n<meta property=\"og:title\" content=\"O\u015bwiadczenie w sprawie rze\u017ani w Meaux - AVS\" \/>\n<meta property=\"og:description\" content=\"Stowarzyszenie L214 niedawno opublikowa\u0142o film ukazuj\u0105cy praktyki uboju w rze\u017ani w Meaux. Przedstawione obrazy s\u0105 szokuj\u0105ce, a ujawnione fakty musz\u0105 zosta\u0107 stanowczo pot\u0119pione. W zwi\u0105zku z tym filmem chcemy wyja\u015bni\u0107 kilka kwestii dotycz\u0105cych naszej roli na tym terenie: Nasze interwencje ograniczaj\u0105 si\u0119 jedynie do dw\u00f3ch dni w tygodniu. Organizacja AVS nie certyfikuje uboju owiec (jagni\u0105t, [&hellip;]\" \/>\n<meta property=\"og:url\" content=\"https:\/\/avs.fr\/?p=347\" \/>\n<meta property=\"og:site_name\" content=\"AVS\" \/>\n<meta property=\"article:published_time\" content=\"2025-07-27T20:31:00+00:00\" \/>\n<meta property=\"article:modified_time\" content=\"2025-08-17T16:54:08+00:00\" \/>\n<meta property=\"og:image\" content=\"https:\/\/avs.fr\/wp-content\/uploads\/2025\/07\/meaux.jpg\" \/>\n\t<meta property=\"og:image:width\" content=\"2560\" \/>\n\t<meta property=\"og:image:height\" content=\"1440\" \/>\n\t<meta property=\"og:image:type\" content=\"image\/jpeg\" \/>\n<meta name=\"author\" content=\"admin\" \/>\n<meta name=\"twitter:card\" content=\"summary_large_image\" \/>\n<meta name=\"twitter:label1\" content=\"Napisane przez\" \/>\n\t<meta name=\"twitter:data1\" content=\"admin\" \/>\n\t<meta name=\"twitter:label2\" content=\"Szacowany czas czytania\" \/>\n\t<meta name=\"twitter:data2\" content=\"1 minuta\" \/>\n<script type=\"application\/ld+json\" class=\"yoast-schema-graph\">{\"@context\":\"https:\/\/schema.org\",\"@graph\":[{\"@type\":\"Article\",\"@id\":\"https:\/\/avs.fr\/?p=347#article\",\"isPartOf\":{\"@id\":\"https:\/\/avs.fr\/?p=347\"},\"author\":{\"name\":\"admin\",\"@id\":\"https:\/\/avs.fr\/#\/schema\/person\/fc9d609c63caaa1b477e9db1b106398d\"},\"headline\":\"O\u015bwiadczenie w sprawie rze\u017ani w Meaux\",\"datePublished\":\"2025-07-27T20:31:00+00:00\",\"dateModified\":\"2025-08-17T16:54:08+00:00\",\"mainEntityOfPage\":{\"@id\":\"https:\/\/avs.fr\/?p=347\"},\"wordCount\":226,\"publisher\":{\"@id\":\"https:\/\/avs.fr\/#organization\"},\"image\":{\"@id\":\"https:\/\/avs.fr\/?p=347#primaryimage\"},\"thumbnailUrl\":\"https:\/\/avs.fr\/wp-content\/uploads\/2025\/07\/meaux.jpg\",\"articleSection\":[\"Komunikaty\"],\"inLanguage\":\"pl-PL\"},{\"@type\":\"WebPage\",\"@id\":\"https:\/\/avs.fr\/?p=347\",\"url\":\"https:\/\/avs.fr\/?p=347\",\"name\":\"O\u015bwiadczenie w sprawie rze\u017ani w Meaux - AVS\",\"isPartOf\":{\"@id\":\"https:\/\/avs.fr\/#website\"},\"primaryImageOfPage\":{\"@id\":\"https:\/\/avs.fr\/?p=347#primaryimage\"},\"image\":{\"@id\":\"https:\/\/avs.fr\/?p=347#primaryimage\"},\"thumbnailUrl\":\"https:\/\/avs.fr\/wp-content\/uploads\/2025\/07\/meaux.jpg\",\"datePublished\":\"2025-07-27T20:31:00+00:00\",\"dateModified\":\"2025-08-17T16:54:08+00:00\",\"breadcrumb\":{\"@id\":\"https:\/\/avs.fr\/?p=347#breadcrumb\"},\"inLanguage\":\"pl-PL\",\"potentialAction\":[{\"@type\":\"ReadAction\",\"target\":[\"https:\/\/avs.fr\/?p=347\"]}]},{\"@type\":\"ImageObject\",\"inLanguage\":\"pl-PL\",\"@id\":\"https:\/\/avs.fr\/?p=347#primaryimage\",\"url\":\"https:\/\/avs.fr\/wp-content\/uploads\/2025\/07\/meaux.jpg\",\"contentUrl\":\"https:\/\/avs.fr\/wp-content\/uploads\/2025\/07\/meaux.jpg\",\"width\":2560,\"height\":1440},{\"@type\":\"BreadcrumbList\",\"@id\":\"https:\/\/avs.fr\/?p=347#breadcrumb\",\"itemListElement\":[{\"@type\":\"ListItem\",\"position\":1,\"name\":\"Accueil\",\"item\":\"https:\/\/avs.fr\/pl\/strona-glowna\/\"},{\"@type\":\"ListItem\",\"position\":2,\"name\":\"O\u015bwiadczenie w sprawie rze\u017ani w Meaux\"}]},{\"@type\":\"WebSite\",\"@id\":\"https:\/\/avs.fr\/#website\",\"url\":\"https:\/\/avs.fr\/\",\"name\":\"AVS\",\"description\":\"Le halal en toute confiance\",\"publisher\":{\"@id\":\"https:\/\/avs.fr\/#organization\"},\"potentialAction\":[{\"@type\":\"SearchAction\",\"target\":{\"@type\":\"EntryPoint\",\"urlTemplate\":\"https:\/\/avs.fr\/?s={search_term_string}\"},\"query-input\":{\"@type\":\"PropertyValueSpecification\",\"valueRequired\":true,\"valueName\":\"search_term_string\"}}],\"inLanguage\":\"pl-PL\"},{\"@type\":\"Organization\",\"@id\":\"https:\/\/avs.fr\/#organization\",\"name\":\"AVS\",\"url\":\"https:\/\/avs.fr\/\",\"logo\":{\"@type\":\"ImageObject\",\"inLanguage\":\"pl-PL\",\"@id\":\"https:\/\/avs.fr\/#\/schema\/logo\/image\/\",\"url\":\"https:\/\/avs.fr\/wp-content\/uploads\/2025\/08\/logo-avs.png\",\"contentUrl\":\"https:\/\/avs.fr\/wp-content\/uploads\/2025\/08\/logo-avs.png\",\"width\":317,\"height\":306,\"caption\":\"AVS\"},\"image\":{\"@id\":\"https:\/\/avs.fr\/#\/schema\/logo\/image\/\"}},{\"@type\":\"Person\",\"@id\":\"https:\/\/avs.fr\/#\/schema\/person\/fc9d609c63caaa1b477e9db1b106398d\",\"name\":\"admin\",\"image\":{\"@type\":\"ImageObject\",\"inLanguage\":\"pl-PL\",\"@id\":\"https:\/\/avs.fr\/#\/schema\/person\/image\/\",\"url\":\"https:\/\/secure.gravatar.com\/avatar\/c41f29173b4aa607c674259396b2658d5ee0e4cc839adc854d5bae976167af77?s=96&d=mm&r=g\",\"contentUrl\":\"https:\/\/secure.gravatar.com\/avatar\/c41f29173b4aa607c674259396b2658d5ee0e4cc839adc854d5bae976167af77?s=96&d=mm&r=g\",\"caption\":\"admin\"},\"sameAs\":[\"https:\/\/new.avs.fr\"],\"url\":\"https:\/\/avs.fr\/pl\/author\/admin\/\"}]}<\/script>\n<!-- \/ Yoast SEO plugin. -->","yoast_head_json":{"title":"O\u015bwiadczenie w sprawie rze\u017ani w Meaux - AVS","robots":{"index":"index","follow":"follow","max-snippet":"max-snippet:-1","max-image-preview":"max-image-preview:large","max-video-preview":"max-video-preview:-1"},"canonical":"https:\/\/avs.fr\/?p=347","og_locale":"pl_PL","og_type":"article","og_title":"O\u015bwiadczenie w sprawie rze\u017ani w Meaux - AVS","og_description":"Stowarzyszenie L214 niedawno opublikowa\u0142o film ukazuj\u0105cy praktyki uboju w rze\u017ani w Meaux. Przedstawione obrazy s\u0105 szokuj\u0105ce, a ujawnione fakty musz\u0105 zosta\u0107 stanowczo pot\u0119pione. W zwi\u0105zku z tym filmem chcemy wyja\u015bni\u0107 kilka kwestii dotycz\u0105cych naszej roli na tym terenie: Nasze interwencje ograniczaj\u0105 si\u0119 jedynie do dw\u00f3ch dni w tygodniu. Organizacja AVS nie certyfikuje uboju owiec (jagni\u0105t, [&hellip;]","og_url":"https:\/\/avs.fr\/?p=347","og_site_name":"AVS","article_published_time":"2025-07-27T20:31:00+00:00","article_modified_time":"2025-08-17T16:54:08+00:00","og_image":[{"width":2560,"height":1440,"url":"https:\/\/avs.fr\/wp-content\/uploads\/2025\/07\/meaux.jpg","type":"image\/jpeg"}],"author":"admin","twitter_card":"summary_large_image","twitter_misc":{"Napisane przez":"admin","Szacowany czas czytania":"1 minuta"},"schema":{"@context":"https:\/\/schema.org","@graph":[{"@type":"Article","@id":"https:\/\/avs.fr\/?p=347#article","isPartOf":{"@id":"https:\/\/avs.fr\/?p=347"},"author":{"name":"admin","@id":"https:\/\/avs.fr\/#\/schema\/person\/fc9d609c63caaa1b477e9db1b106398d"},"headline":"O\u015bwiadczenie w sprawie rze\u017ani w Meaux","datePublished":"2025-07-27T20:31:00+00:00","dateModified":"2025-08-17T16:54:08+00:00","mainEntityOfPage":{"@id":"https:\/\/avs.fr\/?p=347"},"wordCount":226,"publisher":{"@id":"https:\/\/avs.fr\/#organization"},"image":{"@id":"https:\/\/avs.fr\/?p=347#primaryimage"},"thumbnailUrl":"https:\/\/avs.fr\/wp-content\/uploads\/2025\/07\/meaux.jpg","articleSection":["Komunikaty"],"inLanguage":"pl-PL"},{"@type":"WebPage","@id":"https:\/\/avs.fr\/?p=347","url":"https:\/\/avs.fr\/?p=347","name":"O\u015bwiadczenie w sprawie rze\u017ani w Meaux - AVS","isPartOf":{"@id":"https:\/\/avs.fr\/#website"},"primaryImageOfPage":{"@id":"https:\/\/avs.fr\/?p=347#primaryimage"},"image":{"@id":"https:\/\/avs.fr\/?p=347#primaryimage"},"thumbnailUrl":"https:\/\/avs.fr\/wp-content\/uploads\/2025\/07\/meaux.jpg","datePublished":"2025-07-27T20:31:00+00:00","dateModified":"2025-08-17T16:54:08+00:00","breadcrumb":{"@id":"https:\/\/avs.fr\/?p=347#breadcrumb"},"inLanguage":"pl-PL","potentialAction":[{"@type":"ReadAction","target":["https:\/\/avs.fr\/?p=347"]}]},{"@type":"ImageObject","inLanguage":"pl-PL","@id":"https:\/\/avs.fr\/?p=347#primaryimage","url":"https:\/\/avs.fr\/wp-content\/uploads\/2025\/07\/meaux.jpg","contentUrl":"https:\/\/avs.fr\/wp-content\/uploads\/2025\/07\/meaux.jpg","width":2560,"height":1440},{"@type":"BreadcrumbList","@id":"https:\/\/avs.fr\/?p=347#breadcrumb","itemListElement":[{"@type":"ListItem","position":1,"name":"Accueil","item":"https:\/\/avs.fr\/pl\/strona-glowna\/"},{"@type":"ListItem","position":2,"name":"O\u015bwiadczenie w sprawie rze\u017ani w Meaux"}]},{"@type":"WebSite","@id":"https:\/\/avs.fr\/#website","url":"https:\/\/avs.fr\/","name":"AVS","description":"Le halal en toute confiance","publisher":{"@id":"https:\/\/avs.fr\/#organization"},"potentialAction":[{"@type":"SearchAction","target":{"@type":"EntryPoint","urlTemplate":"https:\/\/avs.fr\/?s={search_term_string}"},"query-input":{"@type":"PropertyValueSpecification","valueRequired":true,"valueName":"search_term_string"}}],"inLanguage":"pl-PL"},{"@type":"Organization","@id":"https:\/\/avs.fr\/#organization","name":"AVS","url":"https:\/\/avs.fr\/","logo":{"@type":"ImageObject","inLanguage":"pl-PL","@id":"https:\/\/avs.fr\/#\/schema\/logo\/image\/","url":"https:\/\/avs.fr\/wp-content\/uploads\/2025\/08\/logo-avs.png","contentUrl":"https:\/\/avs.fr\/wp-content\/uploads\/2025\/08\/logo-avs.png","width":317,"height":306,"caption":"AVS"},"image":{"@id":"https:\/\/avs.fr\/#\/schema\/logo\/image\/"}},{"@type":"Person","@id":"https:\/\/avs.fr\/#\/schema\/person\/fc9d609c63caaa1b477e9db1b106398d","name":"admin","image":{"@type":"ImageObject","inLanguage":"pl-PL","@id":"https:\/\/avs.fr\/#\/schema\/person\/image\/","url":"https:\/\/secure.gravatar.com\/avatar\/c41f29173b4aa607c674259396b2658d5ee0e4cc839adc854d5bae976167af77?s=96&d=mm&r=g","contentUrl":"https:\/\/secure.gravatar.com\/avatar\/c41f29173b4aa607c674259396b2658d5ee0e4cc839adc854d5bae976167af77?s=96&d=mm&r=g","caption":"admin"},"sameAs":["https:\/\/new.avs.fr"],"url":"https:\/\/avs.fr\/pl\/author\/admin\/"}]}},"_links":{"self":[{"href":"https:\/\/avs.fr\/pl\/wp-json\/wp\/v2\/posts\/1061","targetHints":{"allow":["GET"]}}],"collection":[{"href":"https:\/\/avs.fr\/pl\/wp-json\/wp\/v2\/posts"}],"about":[{"href":"https:\/\/avs.fr\/pl\/wp-json\/wp\/v2\/types\/post"}],"author":[{"embeddable":true,"href":"https:\/\/avs.fr\/pl\/wp-json\/wp\/v2\/users\/1"}],"replies":[{"embeddable":true,"href":"https:\/\/avs.fr\/pl\/wp-json\/wp\/v2\/comments?post=1061"}],"version-history":[{"count":1,"href":"https:\/\/avs.fr\/pl\/wp-json\/wp\/v2\/posts\/1061\/revisions"}],"predecessor-version":[{"id":1062,"href":"https:\/\/avs.fr\/pl\/wp-json\/wp\/v2\/posts\/1061\/revisions\/1062"}],"wp:featuredmedia":[{"embeddable":true,"href":"https:\/\/avs.fr\/pl\/wp-json\/wp\/v2\/media\/842"}],"wp:attachment":[{"href":"https:\/\/avs.fr\/pl\/wp-json\/wp\/v2\/media?parent=1061"}],"wp:term":[{"taxonomy":"category","embeddable":true,"href":"https:\/\/avs.fr\/pl\/wp-json\/wp\/v2\/categories?post=1061"},{"taxonomy":"post_tag","embeddable":true,"href":"https:\/\/avs.fr\/pl\/wp-json\/wp\/v2\/tags?post=1061"}],"curies":[{"name":"wp","href":"https:\/\/api.w.org\/{rel}","templated":true}]}}