{"id":1065,"date":"2025-07-27T21:31:00","date_gmt":"2025-07-27T20:31:00","guid":{"rendered":"https:\/\/new.avs.fr\/meaux-mezbahasi-hakkinda-basin-aciklamasi\/"},"modified":"2025-08-17T18:00:25","modified_gmt":"2025-08-17T17:00:25","slug":"meaux-mezbahasi-hakkinda-basin-aciklamasi","status":"publish","type":"post","link":"https:\/\/avs.fr\/tr\/meaux-mezbahasi-hakkinda-basin-aciklamasi\/","title":{"rendered":"Meaux mezbahas\u0131 hakk\u0131nda bas\u0131n a\u00e7\u0131klamas\u0131"},"content":{"rendered":"\n<p>L214 derne\u011fi yak\u0131n zamanda Meaux\u2019da bulunan bir mezbahadaki kesim uygulamalar\u0131n\u0131 g\u00f6steren bir video yay\u0131mlad\u0131. G\u00f6sterilen g\u00f6r\u00fcnt\u00fcler \u015fok edici ve ortaya \u00e7\u0131kan olaylar kesinlikle k\u0131nanmal\u0131d\u0131r. <\/p>\n\n<p>Bu videonun ard\u0131ndan, bu tesisteki rol\u00fcm\u00fczle ilgili baz\u0131 a\u00e7\u0131klamalar yapmak istiyoruz:<\/p>\n\n<p>M\u00fcdahalelerimiz haftada yaln\u0131zca iki g\u00fcnle s\u0131n\u0131rl\u0131d\u0131r.<\/p>\n\n<p>AVS kurumu bu tesiste hi\u00e7bir koyun (kuzu, koyun) kesimini onaylamamaktad\u0131r.<\/p>\n\n<p>L214\u2019\u00fcn talebi \u00fczerine, temsilcisini ofisimizde kabul ettik ve bu konular\u0131 g\u00f6r\u00fc\u015ft\u00fck. Misyonumuzun temel direklerinden biri olan hayvan refah\u0131na sayg\u0131 konusundaki kat\u0131 gerekliliklerimizi yeniden teyit ettik. <\/p>\n\n<p>AVS bu sayg\u0131y\u0131 garanti alt\u0131na almak i\u00e7in \u00fc\u00e7 temel dayana\u011fa g\u00fcvenmektedir:<\/p>\n\n<ul class=\"wp-block-list\">\n<li>Kat\u0131 bir etik t\u00fcz\u00fck,<\/li>\n\n\n\n<li>Zorlay\u0131c\u0131 bir \u015fartname,<\/li>\n\n\n\n<li>Yetkili denet\u00e7iler i\u00e7in bir e\u011fitim k\u0131lavuzu.<\/li>\n<\/ul>\n\n<p>Ancak, bu videonun ba\u015fl\u0131\u011f\u0131n\u0131n Kurban Bayram\u0131 ile ili\u015fkilendirilmi\u015f olmas\u0131ndan \u00fcz\u00fcnt\u00fc duyuyoruz.<\/p>\n\n<p>G\u00f6r\u00fcnt\u00fclerin bu M\u00fcsl\u00fcman dini bayram\u0131yla hi\u00e7bir ilgisi yoktur. Hayvanlara k\u00f6t\u00fc muamelenin k\u0131nanmas\u0131 me\u015fru olsa da, bir toplulu\u011fun damgalanmas\u0131n\u0131 k\u00f6r\u00fckleyebilecek kli\u015felere ba\u015fvurulmas\u0131 kabul edilemez. Bu ayn\u0131 zamanda L214\u2019\u00fcn her zaman savundu\u011fu de\u011ferlere ayk\u0131r\u0131d\u0131r.  <\/p>\n\n<p>Biz ise bu mezbahadaki m\u00fcdahalelerimizi derhal ask\u0131ya alma karar\u0131 ald\u0131k.<\/p>\n","protected":false},"excerpt":{"rendered":"<p>L214 derne\u011fi yak\u0131n zamanda Meaux\u2019da bulunan bir mezbahadaki kesim uygulamalar\u0131n\u0131 g\u00f6steren bir video yay\u0131mlad\u0131. G\u00f6sterilen g\u00f6r\u00fcnt\u00fcler \u015fok edici ve ortaya \u00e7\u0131kan olaylar kesinlikle k\u0131nanmal\u0131d\u0131r. Bu videonun ard\u0131ndan, bu tesisteki rol\u00fcm\u00fczle ilgili baz\u0131 a\u00e7\u0131klamalar yapmak istiyoruz: M\u00fcdahalelerimiz haftada yaln\u0131zca iki g\u00fcnle s\u0131n\u0131rl\u0131d\u0131r. AVS kurumu bu tesiste hi\u00e7bir koyun (kuzu, koyun) kesimini onaylamamaktad\u0131r. L214\u2019\u00fcn talebi \u00fczerine, temsilcisini [&hellip;]<\/p>\n","protected":false},"author":1,"featured_media":1066,"comment_status":"closed","ping_status":"closed","sticky":false,"template":"","format":"standard","meta":{"footnotes":""},"categories":[79],"tags":[],"class_list":["post-1065","post","type-post","status-publish","format-standard","has-post-thumbnail","hentry","category-basin-bultenleri"],"yoast_head":"<!-- This site is optimized with the Yoast SEO plugin v26.5 - https:\/\/yoast.com\/wordpress\/plugins\/seo\/ -->\n<title>Meaux mezbahas\u0131 hakk\u0131nda bas\u0131n a\u00e7\u0131klamas\u0131 - AVS<\/title>\n<meta name=\"robots\" content=\"index, follow, max-snippet:-1, max-image-preview:large, max-video-preview:-1\" \/>\n<link rel=\"canonical\" href=\"https:\/\/avs.fr\/?p=347\" \/>\n<meta property=\"og:locale\" content=\"tr_TR\" \/>\n<meta property=\"og:type\" content=\"article\" \/>\n<meta property=\"og:title\" content=\"Meaux mezbahas\u0131 hakk\u0131nda bas\u0131n a\u00e7\u0131klamas\u0131 - AVS\" \/>\n<meta property=\"og:description\" content=\"L214 derne\u011fi yak\u0131n zamanda Meaux\u2019da bulunan bir mezbahadaki kesim uygulamalar\u0131n\u0131 g\u00f6steren bir video yay\u0131mlad\u0131. G\u00f6sterilen g\u00f6r\u00fcnt\u00fcler \u015fok edici ve ortaya \u00e7\u0131kan olaylar kesinlikle k\u0131nanmal\u0131d\u0131r. Bu videonun ard\u0131ndan, bu tesisteki rol\u00fcm\u00fczle ilgili baz\u0131 a\u00e7\u0131klamalar yapmak istiyoruz: M\u00fcdahalelerimiz haftada yaln\u0131zca iki g\u00fcnle s\u0131n\u0131rl\u0131d\u0131r. AVS kurumu bu tesiste hi\u00e7bir koyun (kuzu, koyun) kesimini onaylamamaktad\u0131r. L214\u2019\u00fcn talebi \u00fczerine, temsilcisini [&hellip;]\" \/>\n<meta property=\"og:url\" content=\"https:\/\/avs.fr\/?p=347\" \/>\n<meta property=\"og:site_name\" content=\"AVS\" \/>\n<meta property=\"article:published_time\" content=\"2025-07-27T20:31:00+00:00\" \/>\n<meta property=\"article:modified_time\" content=\"2025-08-17T17:00:25+00:00\" \/>\n<meta property=\"og:image\" content=\"https:\/\/avs.fr\/wp-content\/uploads\/2025\/07\/meaux.jpg\" \/>\n\t<meta property=\"og:image:width\" content=\"2560\" \/>\n\t<meta property=\"og:image:height\" content=\"1440\" \/>\n\t<meta property=\"og:image:type\" content=\"image\/jpeg\" \/>\n<meta name=\"author\" content=\"admin\" \/>\n<meta name=\"twitter:card\" content=\"summary_large_image\" \/>\n<meta name=\"twitter:label1\" content=\"Yazan:\" \/>\n\t<meta name=\"twitter:data1\" content=\"admin\" \/>\n\t<meta name=\"twitter:label2\" content=\"Tahmini okuma s\u00fcresi\" \/>\n\t<meta name=\"twitter:data2\" content=\"1 dakika\" \/>\n<script type=\"application\/ld+json\" class=\"yoast-schema-graph\">{\"@context\":\"https:\/\/schema.org\",\"@graph\":[{\"@type\":\"Article\",\"@id\":\"https:\/\/avs.fr\/?p=347#article\",\"isPartOf\":{\"@id\":\"https:\/\/avs.fr\/?p=347\"},\"author\":{\"name\":\"admin\",\"@id\":\"https:\/\/avs.fr\/#\/schema\/person\/fc9d609c63caaa1b477e9db1b106398d\"},\"headline\":\"Meaux mezbahas\u0131 hakk\u0131nda bas\u0131n a\u00e7\u0131klamas\u0131\",\"datePublished\":\"2025-07-27T20:31:00+00:00\",\"dateModified\":\"2025-08-17T17:00:25+00:00\",\"mainEntityOfPage\":{\"@id\":\"https:\/\/avs.fr\/?p=347\"},\"wordCount\":234,\"publisher\":{\"@id\":\"https:\/\/avs.fr\/#organization\"},\"image\":{\"@id\":\"https:\/\/avs.fr\/?p=347#primaryimage\"},\"thumbnailUrl\":\"https:\/\/avs.fr\/wp-content\/uploads\/2025\/07\/meaux.jpg\",\"articleSection\":[\"Bas\u0131n b\u00fcltenleri\"],\"inLanguage\":\"tr\"},{\"@type\":\"WebPage\",\"@id\":\"https:\/\/avs.fr\/?p=347\",\"url\":\"https:\/\/avs.fr\/?p=347\",\"name\":\"Meaux mezbahas\u0131 hakk\u0131nda bas\u0131n a\u00e7\u0131klamas\u0131 - AVS\",\"isPartOf\":{\"@id\":\"https:\/\/avs.fr\/#website\"},\"primaryImageOfPage\":{\"@id\":\"https:\/\/avs.fr\/?p=347#primaryimage\"},\"image\":{\"@id\":\"https:\/\/avs.fr\/?p=347#primaryimage\"},\"thumbnailUrl\":\"https:\/\/avs.fr\/wp-content\/uploads\/2025\/07\/meaux.jpg\",\"datePublished\":\"2025-07-27T20:31:00+00:00\",\"dateModified\":\"2025-08-17T17:00:25+00:00\",\"breadcrumb\":{\"@id\":\"https:\/\/avs.fr\/?p=347#breadcrumb\"},\"inLanguage\":\"tr\",\"potentialAction\":[{\"@type\":\"ReadAction\",\"target\":[\"https:\/\/avs.fr\/?p=347\"]}]},{\"@type\":\"ImageObject\",\"inLanguage\":\"tr\",\"@id\":\"https:\/\/avs.fr\/?p=347#primaryimage\",\"url\":\"https:\/\/avs.fr\/wp-content\/uploads\/2025\/07\/meaux.jpg\",\"contentUrl\":\"https:\/\/avs.fr\/wp-content\/uploads\/2025\/07\/meaux.jpg\",\"width\":2560,\"height\":1440},{\"@type\":\"BreadcrumbList\",\"@id\":\"https:\/\/avs.fr\/?p=347#breadcrumb\",\"itemListElement\":[{\"@type\":\"ListItem\",\"position\":1,\"name\":\"Accueil\",\"item\":\"https:\/\/avs.fr\/tr\/ana-sayfa\/\"},{\"@type\":\"ListItem\",\"position\":2,\"name\":\"Meaux mezbahas\u0131 hakk\u0131nda bas\u0131n a\u00e7\u0131klamas\u0131\"}]},{\"@type\":\"WebSite\",\"@id\":\"https:\/\/avs.fr\/#website\",\"url\":\"https:\/\/avs.fr\/\",\"name\":\"AVS\",\"description\":\"Le halal en toute confiance\",\"publisher\":{\"@id\":\"https:\/\/avs.fr\/#organization\"},\"potentialAction\":[{\"@type\":\"SearchAction\",\"target\":{\"@type\":\"EntryPoint\",\"urlTemplate\":\"https:\/\/avs.fr\/?s={search_term_string}\"},\"query-input\":{\"@type\":\"PropertyValueSpecification\",\"valueRequired\":true,\"valueName\":\"search_term_string\"}}],\"inLanguage\":\"tr\"},{\"@type\":\"Organization\",\"@id\":\"https:\/\/avs.fr\/#organization\",\"name\":\"AVS\",\"url\":\"https:\/\/avs.fr\/\",\"logo\":{\"@type\":\"ImageObject\",\"inLanguage\":\"tr\",\"@id\":\"https:\/\/avs.fr\/#\/schema\/logo\/image\/\",\"url\":\"https:\/\/avs.fr\/wp-content\/uploads\/2025\/08\/logo-avs.png\",\"contentUrl\":\"https:\/\/avs.fr\/wp-content\/uploads\/2025\/08\/logo-avs.png\",\"width\":317,\"height\":306,\"caption\":\"AVS\"},\"image\":{\"@id\":\"https:\/\/avs.fr\/#\/schema\/logo\/image\/\"}},{\"@type\":\"Person\",\"@id\":\"https:\/\/avs.fr\/#\/schema\/person\/fc9d609c63caaa1b477e9db1b106398d\",\"name\":\"admin\",\"image\":{\"@type\":\"ImageObject\",\"inLanguage\":\"tr\",\"@id\":\"https:\/\/avs.fr\/#\/schema\/person\/image\/\",\"url\":\"https:\/\/secure.gravatar.com\/avatar\/c41f29173b4aa607c674259396b2658d5ee0e4cc839adc854d5bae976167af77?s=96&d=mm&r=g\",\"contentUrl\":\"https:\/\/secure.gravatar.com\/avatar\/c41f29173b4aa607c674259396b2658d5ee0e4cc839adc854d5bae976167af77?s=96&d=mm&r=g\",\"caption\":\"admin\"},\"sameAs\":[\"https:\/\/new.avs.fr\"],\"url\":\"https:\/\/avs.fr\/tr\/author\/admin\/\"}]}<\/script>\n<!-- \/ Yoast SEO plugin. -->","yoast_head_json":{"title":"Meaux mezbahas\u0131 hakk\u0131nda bas\u0131n a\u00e7\u0131klamas\u0131 - AVS","robots":{"index":"index","follow":"follow","max-snippet":"max-snippet:-1","max-image-preview":"max-image-preview:large","max-video-preview":"max-video-preview:-1"},"canonical":"https:\/\/avs.fr\/?p=347","og_locale":"tr_TR","og_type":"article","og_title":"Meaux mezbahas\u0131 hakk\u0131nda bas\u0131n a\u00e7\u0131klamas\u0131 - AVS","og_description":"L214 derne\u011fi yak\u0131n zamanda Meaux\u2019da bulunan bir mezbahadaki kesim uygulamalar\u0131n\u0131 g\u00f6steren bir video yay\u0131mlad\u0131. G\u00f6sterilen g\u00f6r\u00fcnt\u00fcler \u015fok edici ve ortaya \u00e7\u0131kan olaylar kesinlikle k\u0131nanmal\u0131d\u0131r. Bu videonun ard\u0131ndan, bu tesisteki rol\u00fcm\u00fczle ilgili baz\u0131 a\u00e7\u0131klamalar yapmak istiyoruz: M\u00fcdahalelerimiz haftada yaln\u0131zca iki g\u00fcnle s\u0131n\u0131rl\u0131d\u0131r. AVS kurumu bu tesiste hi\u00e7bir koyun (kuzu, koyun) kesimini onaylamamaktad\u0131r. L214\u2019\u00fcn talebi \u00fczerine, temsilcisini [&hellip;]","og_url":"https:\/\/avs.fr\/?p=347","og_site_name":"AVS","article_published_time":"2025-07-27T20:31:00+00:00","article_modified_time":"2025-08-17T17:00:25+00:00","og_image":[{"width":2560,"height":1440,"url":"https:\/\/avs.fr\/wp-content\/uploads\/2025\/07\/meaux.jpg","type":"image\/jpeg"}],"author":"admin","twitter_card":"summary_large_image","twitter_misc":{"Yazan:":"admin","Tahmini okuma s\u00fcresi":"1 dakika"},"schema":{"@context":"https:\/\/schema.org","@graph":[{"@type":"Article","@id":"https:\/\/avs.fr\/?p=347#article","isPartOf":{"@id":"https:\/\/avs.fr\/?p=347"},"author":{"name":"admin","@id":"https:\/\/avs.fr\/#\/schema\/person\/fc9d609c63caaa1b477e9db1b106398d"},"headline":"Meaux mezbahas\u0131 hakk\u0131nda bas\u0131n a\u00e7\u0131klamas\u0131","datePublished":"2025-07-27T20:31:00+00:00","dateModified":"2025-08-17T17:00:25+00:00","mainEntityOfPage":{"@id":"https:\/\/avs.fr\/?p=347"},"wordCount":234,"publisher":{"@id":"https:\/\/avs.fr\/#organization"},"image":{"@id":"https:\/\/avs.fr\/?p=347#primaryimage"},"thumbnailUrl":"https:\/\/avs.fr\/wp-content\/uploads\/2025\/07\/meaux.jpg","articleSection":["Bas\u0131n b\u00fcltenleri"],"inLanguage":"tr"},{"@type":"WebPage","@id":"https:\/\/avs.fr\/?p=347","url":"https:\/\/avs.fr\/?p=347","name":"Meaux mezbahas\u0131 hakk\u0131nda bas\u0131n a\u00e7\u0131klamas\u0131 - AVS","isPartOf":{"@id":"https:\/\/avs.fr\/#website"},"primaryImageOfPage":{"@id":"https:\/\/avs.fr\/?p=347#primaryimage"},"image":{"@id":"https:\/\/avs.fr\/?p=347#primaryimage"},"thumbnailUrl":"https:\/\/avs.fr\/wp-content\/uploads\/2025\/07\/meaux.jpg","datePublished":"2025-07-27T20:31:00+00:00","dateModified":"2025-08-17T17:00:25+00:00","breadcrumb":{"@id":"https:\/\/avs.fr\/?p=347#breadcrumb"},"inLanguage":"tr","potentialAction":[{"@type":"ReadAction","target":["https:\/\/avs.fr\/?p=347"]}]},{"@type":"ImageObject","inLanguage":"tr","@id":"https:\/\/avs.fr\/?p=347#primaryimage","url":"https:\/\/avs.fr\/wp-content\/uploads\/2025\/07\/meaux.jpg","contentUrl":"https:\/\/avs.fr\/wp-content\/uploads\/2025\/07\/meaux.jpg","width":2560,"height":1440},{"@type":"BreadcrumbList","@id":"https:\/\/avs.fr\/?p=347#breadcrumb","itemListElement":[{"@type":"ListItem","position":1,"name":"Accueil","item":"https:\/\/avs.fr\/tr\/ana-sayfa\/"},{"@type":"ListItem","position":2,"name":"Meaux mezbahas\u0131 hakk\u0131nda bas\u0131n a\u00e7\u0131klamas\u0131"}]},{"@type":"WebSite","@id":"https:\/\/avs.fr\/#website","url":"https:\/\/avs.fr\/","name":"AVS","description":"Le halal en toute confiance","publisher":{"@id":"https:\/\/avs.fr\/#organization"},"potentialAction":[{"@type":"SearchAction","target":{"@type":"EntryPoint","urlTemplate":"https:\/\/avs.fr\/?s={search_term_string}"},"query-input":{"@type":"PropertyValueSpecification","valueRequired":true,"valueName":"search_term_string"}}],"inLanguage":"tr"},{"@type":"Organization","@id":"https:\/\/avs.fr\/#organization","name":"AVS","url":"https:\/\/avs.fr\/","logo":{"@type":"ImageObject","inLanguage":"tr","@id":"https:\/\/avs.fr\/#\/schema\/logo\/image\/","url":"https:\/\/avs.fr\/wp-content\/uploads\/2025\/08\/logo-avs.png","contentUrl":"https:\/\/avs.fr\/wp-content\/uploads\/2025\/08\/logo-avs.png","width":317,"height":306,"caption":"AVS"},"image":{"@id":"https:\/\/avs.fr\/#\/schema\/logo\/image\/"}},{"@type":"Person","@id":"https:\/\/avs.fr\/#\/schema\/person\/fc9d609c63caaa1b477e9db1b106398d","name":"admin","image":{"@type":"ImageObject","inLanguage":"tr","@id":"https:\/\/avs.fr\/#\/schema\/person\/image\/","url":"https:\/\/secure.gravatar.com\/avatar\/c41f29173b4aa607c674259396b2658d5ee0e4cc839adc854d5bae976167af77?s=96&d=mm&r=g","contentUrl":"https:\/\/secure.gravatar.com\/avatar\/c41f29173b4aa607c674259396b2658d5ee0e4cc839adc854d5bae976167af77?s=96&d=mm&r=g","caption":"admin"},"sameAs":["https:\/\/new.avs.fr"],"url":"https:\/\/avs.fr\/tr\/author\/admin\/"}]}},"_links":{"self":[{"href":"https:\/\/avs.fr\/tr\/wp-json\/wp\/v2\/posts\/1065","targetHints":{"allow":["GET"]}}],"collection":[{"href":"https:\/\/avs.fr\/tr\/wp-json\/wp\/v2\/posts"}],"about":[{"href":"https:\/\/avs.fr\/tr\/wp-json\/wp\/v2\/types\/post"}],"author":[{"embeddable":true,"href":"https:\/\/avs.fr\/tr\/wp-json\/wp\/v2\/users\/1"}],"replies":[{"embeddable":true,"href":"https:\/\/avs.fr\/tr\/wp-json\/wp\/v2\/comments?post=1065"}],"version-history":[{"count":1,"href":"https:\/\/avs.fr\/tr\/wp-json\/wp\/v2\/posts\/1065\/revisions"}],"predecessor-version":[{"id":1067,"href":"https:\/\/avs.fr\/tr\/wp-json\/wp\/v2\/posts\/1065\/revisions\/1067"}],"wp:featuredmedia":[{"embeddable":true,"href":"https:\/\/avs.fr\/tr\/wp-json\/wp\/v2\/media\/1066"}],"wp:attachment":[{"href":"https:\/\/avs.fr\/tr\/wp-json\/wp\/v2\/media?parent=1065"}],"wp:term":[{"taxonomy":"category","embeddable":true,"href":"https:\/\/avs.fr\/tr\/wp-json\/wp\/v2\/categories?post=1065"},{"taxonomy":"post_tag","embeddable":true,"href":"https:\/\/avs.fr\/tr\/wp-json\/wp\/v2\/tags?post=1065"}],"curies":[{"name":"wp","href":"https:\/\/api.w.org\/{rel}","templated":true}]}}